{"id":577,"date":"2022-03-09T16:18:05","date_gmt":"2022-03-09T15:18:05","guid":{"rendered":"https:\/\/labeglaise.fr\/facebook-event\/concert-a-la-beglaise\/"},"modified":"2022-03-09T16:18:05","modified_gmt":"2022-03-09T15:18:05","slug":"concert-a-la-beglaise","status":"publish","type":"post","link":"https:\/\/labeglaise.fr\/?p=577","title":{"rendered":"Concert \u00e0 La B\u00e9glaise"},"content":{"rendered":"<p>MILOS ASIAN &#8211; Cam\u00e9l\u00e9on Sonique<br \/>\nPop\/Folk\/Rock <\/p>\n<p> Milos Asian est artiste franco-p\u00e9ruvien aux multiples facettes. Actuellement en train de pr\u00e9parer son prochain album \u00ab Breathe in, Breathe out \u00bb, sa sortie est pr\u00e9vue en juin 2022. Pour Milos, tout n\u2019est qu\u2019\u00e9change. La musique se porte et se transporte ; au gr\u00e9 des ondes, du vent, des voix, des gestes, des \u00e9motions, au gr\u00e9 des rencontres et du temps qui passe. <\/p>\n<p>La musique s\u2019extravertie. Elle s\u2019imprime. Elle s\u2019exprime. La musique vole. La musique doit voler. Il ne peut en \u00eatre autrement.<br \/>\nEn force tranquille, le temps fait son \u0153uvre. Milos est un artiste complet tr\u00e8s ancr\u00e9 dans la vie culturelle Bordelaise. Pilier de nombreux \u00e9v\u00e9nements il se produit sur sc\u00e8ne sous diverses formations p\u00e9rennes avec des membres de groupes tels que : Cocktail Bananas, Adam\u00e9e, Wackids, T\u00e9l\u00e9gram, Elliot and The Ritournelles, Oyster\\&#8217;s Dissident Brass Band, Jessica Bachke, In Bear Suits\u2026<\/p>\n<p>https:\/\/www.instagram.com\/milos_asian\/<\/p>\n<p>ADAM\u00c9E <\/p>\n<p>C\\&#8217;est un trio 100 % f\u00e9minin. Margot, Myl\u00e8ne et Lisa, sont chanteuses, musiciennes et percussionnistes. Au travers des percussions, ces trois jeunes femmes proposent un r\u00e9pertoire vari\u00e9 sur des airs d\\&#8217;ici et d\\&#8217;ailleurs. Avec leur nouveau groupe, Adam\u00e9e, elles proposent des reprises de chansons engag\u00e9es sur la th\u00e9matique du droit des femmes.<\/p>\n<p>https:\/\/instagram.com\/adamee_music<\/p>\n","protected":false},"excerpt":{"rendered":"<p>MILOS ASIAN &#8211; Cam\u00e9l\u00e9on Sonique Pop\/Folk\/Rock Milos Asian est artiste franco-p\u00e9ruvien aux multiples facettes. Actuellement en train de pr\u00e9parer son prochain album \u00ab Breathe in, Breathe out \u00bb, sa sortie est pr\u00e9vue en juin 2022. Pour Milos, tout n\u2019est qu\u2019\u00e9change. La musique se porte et se transporte ; au gr\u00e9 des ondes, du vent, des [&hellip;]<\/p>\n","protected":false},"author":1,"featured_media":578,"comment_status":"","ping_status":"closed","sticky":false,"template":"","format":"standard","meta":{"footnotes":""},"categories":[],"tags":[],"class_list":["post-577","post","type-post","status-publish","format-standard","has-post-thumbnail","hentry"],"yoast_head":"<!-- This site is optimized with the Yoast SEO plugin v16.3 - https:\/\/yoast.com\/wordpress\/plugins\/seo\/ -->\n<meta name=\"robots\" content=\"index, follow, max-snippet:-1, max-image-preview:large, max-video-preview:-1\" \/>\n<link rel=\"canonical\" href=\"https:\/\/labeglaise.fr\/?p=577\" \/>\n<meta property=\"og:locale\" content=\"en_US\" \/>\n<meta property=\"og:type\" content=\"article\" \/>\n<meta property=\"og:title\" content=\"Concert \u00e0 La B\u00e9glaise -\" \/>\n<meta property=\"og:description\" content=\"MILOS ASIAN &#8211; Cam\u00e9l\u00e9on Sonique Pop\/Folk\/Rock Milos Asian est artiste franco-p\u00e9ruvien aux multiples facettes. Actuellement en train de pr\u00e9parer son prochain album \u00ab Breathe in, Breathe out \u00bb, sa sortie est pr\u00e9vue en juin 2022. Pour Milos, tout n\u2019est qu\u2019\u00e9change. La musique se porte et se transporte ; au gr\u00e9 des ondes, du vent, des [&hellip;]\" \/>\n<meta property=\"og:url\" content=\"https:\/\/labeglaise.fr\/?p=577\" \/>\n<meta property=\"article:published_time\" content=\"2022-03-09T15:18:05+00:00\" \/>\n<meta name=\"twitter:card\" content=\"summary_large_image\" \/>\n<meta name=\"twitter:label1\" content=\"Est. reading time\">\n\t<meta name=\"twitter:data1\" content=\"1 minute\">\n<script type=\"application\/ld+json\" class=\"yoast-schema-graph\">{\"@context\":\"https:\/\/schema.org\",\"@graph\":[{\"@type\":\"WebSite\",\"@id\":\"https:\/\/labeglaise.fr\/#website\",\"url\":\"https:\/\/labeglaise.fr\/\",\"name\":\"\",\"description\":\"\",\"potentialAction\":[{\"@type\":\"SearchAction\",\"target\":\"https:\/\/labeglaise.fr\/?s={search_term_string}\",\"query-input\":\"required name=search_term_string\"}],\"inLanguage\":\"en-US\"},{\"@type\":\"ImageObject\",\"@id\":\"https:\/\/labeglaise.fr\/?p=577#primaryimage\",\"inLanguage\":\"en-US\",\"url\":\"\",\"contentUrl\":\"\",\"width\":960,\"height\":502},{\"@type\":\"WebPage\",\"@id\":\"https:\/\/labeglaise.fr\/?p=577#webpage\",\"url\":\"https:\/\/labeglaise.fr\/?p=577\",\"name\":\"Concert \\u00e0 La B\\u00e9glaise -\",\"isPartOf\":{\"@id\":\"https:\/\/labeglaise.fr\/#website\"},\"primaryImageOfPage\":{\"@id\":\"https:\/\/labeglaise.fr\/?p=577#primaryimage\"},\"datePublished\":\"2022-03-09T15:18:05+00:00\",\"dateModified\":\"2022-03-09T15:18:05+00:00\",\"author\":{\"@id\":\"https:\/\/labeglaise.fr\/#\/schema\/person\/fae58e853fdabc30990aaece38a7cb1c\"},\"breadcrumb\":{\"@id\":\"https:\/\/labeglaise.fr\/?p=577#breadcrumb\"},\"inLanguage\":\"en-US\",\"potentialAction\":[{\"@type\":\"ReadAction\",\"target\":[\"https:\/\/labeglaise.fr\/?p=577\"]}]},{\"@type\":\"BreadcrumbList\",\"@id\":\"https:\/\/labeglaise.fr\/?p=577#breadcrumb\",\"itemListElement\":[{\"@type\":\"ListItem\",\"position\":1,\"item\":{\"@type\":\"WebPage\",\"@id\":\"https:\/\/labeglaise.fr\/\",\"url\":\"https:\/\/labeglaise.fr\/\",\"name\":\"Accueil\"}},{\"@type\":\"ListItem\",\"position\":2,\"item\":{\"@id\":\"https:\/\/labeglaise.fr\/?p=577#webpage\"}}]},{\"@type\":\"Person\",\"@id\":\"https:\/\/labeglaise.fr\/#\/schema\/person\/fae58e853fdabc30990aaece38a7cb1c\",\"name\":\"patrick.dumas\",\"sameAs\":[\"https:\/\/labeglaise.fr\"],\"url\":\"https:\/\/labeglaise.fr\/?author=1\"}]}<\/script>\n<!-- \/ Yoast SEO plugin. -->","_links":{"self":[{"href":"https:\/\/labeglaise.fr\/index.php?rest_route=\/wp\/v2\/posts\/577","targetHints":{"allow":["GET"]}}],"collection":[{"href":"https:\/\/labeglaise.fr\/index.php?rest_route=\/wp\/v2\/posts"}],"about":[{"href":"https:\/\/labeglaise.fr\/index.php?rest_route=\/wp\/v2\/types\/post"}],"author":[{"embeddable":true,"href":"https:\/\/labeglaise.fr\/index.php?rest_route=\/wp\/v2\/users\/1"}],"replies":[{"embeddable":true,"href":"https:\/\/labeglaise.fr\/index.php?rest_route=%2Fwp%2Fv2%2Fcomments&post=577"}],"version-history":[{"count":0,"href":"https:\/\/labeglaise.fr\/index.php?rest_route=\/wp\/v2\/posts\/577\/revisions"}],"wp:featuredmedia":[{"embeddable":true,"href":"https:\/\/labeglaise.fr\/index.php?rest_route=\/wp\/v2\/posts\/578"}],"wp:attachment":[{"href":"https:\/\/labeglaise.fr\/index.php?rest_route=%2Fwp%2Fv2%2Fmedia&parent=577"}],"wp:term":[{"taxonomy":"category","embeddable":true,"href":"https:\/\/labeglaise.fr\/index.php?rest_route=%2Fwp%2Fv2%2Fcategories&post=577"},{"taxonomy":"post_tag","embeddable":true,"href":"https:\/\/labeglaise.fr\/index.php?rest_route=%2Fwp%2Fv2%2Ftags&post=577"}],"curies":[{"name":"wp","href":"https:\/\/api.w.org\/{rel}","templated":true}]}}